[{"@context":"https:\/\/schema.org\/","@type":"Article","@id":"https:\/\/www.sunna.cz\/zavratne-draha-vejce-co-je-na-tom-pravdy\/#Article","mainEntityOfPage":"https:\/\/www.sunna.cz\/zavratne-draha-vejce-co-je-na-tom-pravdy\/","headline":"Z\u00e1vratn\u011b drah\u00e1 vejce \u2013 co je na tom pravdy ?","name":"Z\u00e1vratn\u011b drah\u00e1 vejce \u2013 co je na tom pravdy ?","description":"Bl\u00ed\u017e\u00ed se V\u00e1noce a spousta z n\u00e1s pl\u00e1nuje, \u017ee p\u0159iprav\u00ed [&hellip;]","datePublished":"2025-03-02","dateModified":"2025-03-02","author":{"@type":"Person","@id":"https:\/\/www.sunna.cz\/author\/#Person","name":"","url":"https:\/\/www.sunna.cz\/author\/","identifier":1,"image":{"@type":"ImageObject","@id":"https:\/\/secure.gravatar.com\/avatar\/664d9cd24f58d4d0b526991e1fec4656a216f6db124bbd66c69ade0e846d4f16?s=96&d=mm&r=g","url":"https:\/\/secure.gravatar.com\/avatar\/664d9cd24f58d4d0b526991e1fec4656a216f6db124bbd66c69ade0e846d4f16?s=96&d=mm&r=g","height":96,"width":96}},"publisher":{"@type":"Organization","name":"sunna.cz","logo":{"@type":"ImageObject","@id":"\/logo.png","url":"\/logo.png","width":600,"height":60}},"image":{"@type":"ImageObject","@id":"https:\/\/www.sunna.cz\/wp-content\/uploads\/img_a302354_w2261_t1512250366.png","url":"https:\/\/www.sunna.cz\/wp-content\/uploads\/img_a302354_w2261_t1512250366.png","height":0,"width":0},"url":"https:\/\/www.sunna.cz\/zavratne-draha-vejce-co-je-na-tom-pravdy\/","wordCount":432,"articleBody":"Bl\u00ed\u017e\u00ed se V\u00e1noce a spousta z n\u00e1s pl\u00e1nuje, \u017ee p\u0159iprav\u00ed plno dobrot na tabuli &#8211;cukrov\u00ed, bramborov\u00fd sal\u00e1t, \u0159\u00edzky\u2026.Na v\u011bt\u0161inu j\u00eddel pot\u0159ebujeme vejce, kter\u00e1 m\u00e1 b\u00fdt letos a\u017e nesmysln\u011b drah\u00e1.Pro\u010d to tak m\u00e1 b\u00fdt a co je na tom pravdy?Chovatel\u00e9 v \u010cR se schov\u00e1vaj\u00ed za \u00fadajnou kolizi na trhu v Evrop\u011b,skute\u010dnost je v\u0161ak takov\u00e1, \u017ee se na n\u00e1s a na\u0161\u00ed nev\u011bdomosti sna\u017e\u00ed co nejv\u00edce vyd\u011blat.Pod\u00edvejme se na situaci v Evrop\u011b a na to v \u010dem n\u00e1s klamou.\u00a0V prvn\u00ed \u0159ade n\u00e1m chovatel\u00e9 l\u017eou o cen\u00e1ch v Evrop\u011b a je jen na n\u00e1s zda tomu budeme v\u011b\u0159it.Pod\u00edvejme se nap\u0159\u00edklad do N\u011bmecka, kde maj\u00ed b\u00fdt vejce \u00fadajn\u011b je\u0161t\u011b dra\u017e\u0161\u00ed ne\u017e u n\u00e1s,ale p\u0159ekvapiv\u011b je to m\u00fdtus a vejce tam jsou levn\u011bj\u0161\u00ed.V p\u0159epo\u010dtu na na\u0161\u00ed m\u011bnu tam stoj\u00ed balen\u00ed vajec ( 10 ks ) 28 K\u010d, tzn. 1,09 Eur.Jedno vejce tud\u00ed\u017e stoj\u00ed 2,80 K\u010d.\u00dadaje jsou ze dne 20.11.2017 kdy u n\u00e1s v \u010cR st\u00e1lo balen\u00ed to sam\u00e9 balen\u00ed kolem 50 K\u010d.N\u011bkde 49,90 K\u010d, jinde 52,90 K\u010d \u2026., tedy jedno vejce minim\u00e1ln\u011b za 5 K\u010d.V\u00fdsledkem je to, \u017ee u n\u00e1s jsou vejce 2 kr\u00e1t dra\u017e\u0161\u00ed ne\u017e v N\u011bmecku a na\u0161e vl\u00e1da tvrd\u00ed,\u017ee jsme proti ostatn\u00edm st\u00e1t\u016fm je\u0161t\u011b levn\u00ed.Za v\u0161e \u00fadajn\u011b m\u016f\u017ee to, \u017ee se mezi dr\u016fbe\u017e\u00ed v Evrop\u011b roznesl virus, kv\u016fli kter\u00e9mumusela b\u00fdt \u010d\u00e1st dr\u016fbe\u017ee zlikvidov\u00e1na, proto je plo\u0161n\u00fd nedostatek vajec a mus\u00ed se zdra\u017eovat.\u00a0Je to jen reklamn\u00ed m\u00fdtus a trik, kter\u00fdm n\u00e1s cht\u011bj\u00ed p\u0159ipravit o pen\u00edze.\u00a0V N\u011bmecku p\u0159ipou\u0161t\u00ed, \u017ee tam o n\u011bjak\u00fd ten cent mo\u017en\u00e1 zdra\u017eili, ale ur\u010dit\u011b tam nebylo \u017e\u00e1dn\u00e9\u00a0razantn\u00ed zdra\u017een\u00ed a rozhodn\u011b to nem\u00e1 nic spole\u010dn\u00e9ho s argumenty, kter\u00e9 n\u00e1m vsouv\u00e1 na\u0161e vl\u00e1da.Posu\u010fte sami co je na tom pravdy a kdo koho tah\u00e1 za nos.\u00a0A takto je to u n\u00e1s se v\u0161\u00edm \u2013 kdy\u017e n\u00e1s cht\u011bj\u00ed o\u0161kubat, vymysl\u00ed si nepopul\u00e1rn\u00ed opat\u0159en\u00ed a hod\u00edto na situaci v Evrop\u011b.Je jen na n\u00e1s zda tomu budeme v\u011b\u0159it nebo ne.Dokud budeme kupovat draze, bude se draze prod\u00e1vat.P\u0159itom se sta\u010d\u00ed pod\u00edvat p\u00e1r kilometr\u016f za hranice a zjist\u00edme, \u017ee je v\u0161e \u00fapln\u011b jinak.                                                                                                                                                                                                                                                                                                                                                                                                "},{"@context":"https:\/\/schema.org\/","@type":"BreadcrumbList","itemListElement":[{"@type":"ListItem","position":1,"name":"Z\u00e1vratn\u011b drah\u00e1 vejce \u2013 co je na tom pravdy ?","item":"https:\/\/www.sunna.cz\/zavratne-draha-vejce-co-je-na-tom-pravdy\/#breadcrumbitem"}]}]