[{"@context":"https:\/\/schema.org\/","@type":"Article","@id":"https:\/\/www.sunna.cz\/za-obezitou-mohou-stat-vase-emoce\/#Article","mainEntityOfPage":"https:\/\/www.sunna.cz\/za-obezitou-mohou-stat-vase-emoce\/","headline":"Za obezitou mohou st\u00e1t va\u0161e emoce","name":"Za obezitou mohou st\u00e1t va\u0161e emoce","description":"Spousta lid\u00ed, kte\u0159\u00ed trp\u00ed obezitou, k tomu maj\u00ed ? hlub\u0161\u00ed [&hellip;]","datePublished":"2022-09-05","dateModified":"2023-05-03","author":{"@type":"Person","@id":"https:\/\/www.sunna.cz\/author\/#Person","name":"","url":"https:\/\/www.sunna.cz\/author\/","identifier":1,"image":{"@type":"ImageObject","@id":"https:\/\/secure.gravatar.com\/avatar\/664d9cd24f58d4d0b526991e1fec4656a216f6db124bbd66c69ade0e846d4f16?s=96&d=mm&r=g","url":"https:\/\/secure.gravatar.com\/avatar\/664d9cd24f58d4d0b526991e1fec4656a216f6db124bbd66c69ade0e846d4f16?s=96&d=mm&r=g","height":96,"width":96}},"publisher":{"@type":"Organization","name":"sunna.cz","logo":{"@type":"ImageObject","@id":"\/logo.png","url":"\/logo.png","width":600,"height":60}},"image":{"@type":"ImageObject","@id":"https:\/\/www.sunna.cz\/wp-content\/uploads\/pexels-nataliya-vaitkevich-6942038.jpg","url":"https:\/\/www.sunna.cz\/wp-content\/uploads\/pexels-nataliya-vaitkevich-6942038.jpg","height":0,"width":0},"url":"https:\/\/www.sunna.cz\/za-obezitou-mohou-stat-vase-emoce\/","about":["Nakupov\u00e1n\u00ed"],"wordCount":477,"articleBody":"   Spousta lid\u00ed, kte\u0159\u00ed trp\u00ed obezitou, k tomu  maj\u00ed ? hlub\u0161\u00ed d\u016fvody ne\u017e to, \u017ee prost\u011b maj\u00ed r\u00e1di j\u00eddlo. Jak si ale v\u016fbec m\u016f\u017eete ov\u011b\u0159it, \u017ee u\u017e trp\u00edte obezitou? Pokud v\u00e1m ji nediagnostikuje t\u0159eba l\u00e9ka\u0159, nejjednodu\u0161\u0161\u00ed zp\u016fsob je spo\u010d\u00edtat si sv\u00e9 BMI. Samoz\u0159ejm\u011b, je spousta ob\u00e9zn\u00edch, kte\u0159\u00ed prost\u011b maj\u00ed r\u00e1di j\u00eddlo, a to do takov\u00e9 m\u00edry, \u017ee se neum\u00ed vzd\u00e1t v\u0161ech t\u011bch sladk\u00fdch a tu\u010dn\u00fdch j\u00eddel, kter\u00e9 jim zkr\u00e1tka chutnaj\u00ed. Ale spousta ob\u00e9zn\u00edch si l\u00e9\u010d\u00ed sv\u00e9 probl\u00e9my pr\u00e1v\u011b dobr\u00fdm j\u00eddlem. Kolikr\u00e1t jste u\u017e sly\u0161eli, \u017ee si n\u011bkdo d\u00e1v\u00e1 \u010dokol\u00e1du na nervy? Tak to p\u0159esn\u011b funguje. Lid\u00e9, kte\u0159\u00ed trp\u00ed emo\u010dn\u00edm p\u0159ej\u00edd\u00e1n\u00edm, sahaj\u00ed po dobr\u00e9m j\u00eddle v\u017edy kdy\u017e se s n\u011bk\u00fdm poh\u00e1daj\u00ed, neda\u0159\u00ed se jim v pr\u00e1ci, maj\u00ed jen tak \u0161patnou n\u00e1ladu a podobn\u011b. Daleko v\u00edce jsou k tomu n\u00e1chyln\u011bj\u0161\u00ed lid\u00e9, kte\u0159\u00ed trp\u00ed \u00fazkostmi nebo depresemi. Vezmou si sv\u00e9 obl\u00edben\u00e9 j\u00eddlo, kter\u00e9 jim p\u0159inese dobrou n\u00e1ladu a slast. V\u011bt\u0161inou se jedn\u00e1 o tu\u010dn\u00e1 a sladk\u00e1 j\u00eddla, proto\u017ee pr\u00e1v\u011b ty v n\u00e1s dok\u00e1\u017eou vyvolat ty dobr\u00e9 pocity. Pocit slasti ale trv\u00e1 jen p\u00e1r minut a pot\u00e9 se dostav\u00ed op\u011bt smutek, v\u00fd\u010ditky a znechucen\u00ed nad sebou sama. A tak to jde st\u00e1le do kola. N\u011bco jin\u00e9ho je z\u00e1chvatovit\u00e9 p\u0159ej\u00edd\u00e1n\u00ed. To u\u017e m\u016f\u017eeme klasifikovat jako poruchu p\u0159\u00edjmu potravy. Jak se projevuje? \u010clov\u011bk v pom\u011brn\u011b kr\u00e1tk\u00e9m \u010dase spo\u0159\u00e1d\u00e1 neuv\u011b\u0159iteln\u00e9 mno\u017estv\u00ed j\u00eddla. A to i p\u0159esto, \u017ee se zrovna t\u0159eba nec\u00edt\u00ed hladov\u00fd. Prost\u011b ho j\u00eddlo ovl\u00e1dne. Dok\u00e1\u017ee vyj\u00edst t\u0159eba celou lednici i v\u010detn\u011b v\u011bc\u00ed, kter\u00e9 jinak jen tak samostatn\u00e9 nejsou skoro v\u016fbec po\u017eivateln\u00e9. po epizod\u011b p\u0159ej\u00edd\u00e1n\u00ed \u010dasto n\u00e1sleduje zvracen\u00ed. Proto se \u010dasto tato porucha p\u0159\u00edjmu potravy poj\u00ed i s bulimi\u00ed. Ob\u00e9zn\u00ed lid\u00e9 mohou skr\u00fdvat t\u0159eba pr\u00e1v\u011b tuto nemoc. N\u00e1chyln\u011bj\u0161\u00ed jsou obecn\u011b v\u00edce \u017eeny ale nevyh\u00fdb\u00e1 se to ani mu\u017e\u016fm.V obou p\u0159\u00edpadech nepot\u0159ebuje doty\u010dn\u00fd va\u0161e \u0161tiplav\u00e9 pozn\u00e1mky na jejich v\u00e1hu nebo ur\u00e1\u017eky. Pot\u0159ebuje pomoc. Nejl\u00e9pe pomoc psychologa, psychiatra nebo odborn\u00e9ho v\u00fd\u017eivov\u00e9ho poradce. Ti jim pomohou zvl\u00e1dnout tyto t\u011b\u017ek\u00e9 situace a nebrat j\u00eddlo jako svoji berli\u010dku, o kterou se m\u016f\u017eeme v\u017edy op\u0159\u00edt. Pomohou jim, aby si j\u00eddlo u\u017e\u00edvali, ale z t\u00e9 zdrav\u00e9 str\u00e1nky, a ne z t\u00e9 destruktivn\u00ed, jako tomu bylo doposud.                                                                                                                                                                                                                                                                                                                                                                                                  "},{"@context":"https:\/\/schema.org\/","@type":"BreadcrumbList","itemListElement":[{"@type":"ListItem","position":1,"name":"Za obezitou mohou st\u00e1t va\u0161e emoce","item":"https:\/\/www.sunna.cz\/za-obezitou-mohou-stat-vase-emoce\/#breadcrumbitem"}]}]