[{"@context":"https:\/\/schema.org\/","@type":"Article","@id":"https:\/\/www.sunna.cz\/pevny-kontejner\/#Article","mainEntityOfPage":"https:\/\/www.sunna.cz\/pevny-kontejner\/","headline":"Pevn\u00fd kontejner","name":"Pevn\u00fd kontejner","description":"Kdy\u017e jsem p\u0159em\u00fd\u0161lela, kam d\u00e1m v\u0161echny svoje v\u011bci, tak m\u011b [&hellip;]","datePublished":"2022-12-27","dateModified":"2023-07-21","author":{"@type":"Person","@id":"https:\/\/www.sunna.cz\/author\/#Person","name":"","url":"https:\/\/www.sunna.cz\/author\/","identifier":1,"image":{"@type":"ImageObject","@id":"https:\/\/secure.gravatar.com\/avatar\/664d9cd24f58d4d0b526991e1fec4656a216f6db124bbd66c69ade0e846d4f16?s=96&d=mm&r=g","url":"https:\/\/secure.gravatar.com\/avatar\/664d9cd24f58d4d0b526991e1fec4656a216f6db124bbd66c69ade0e846d4f16?s=96&d=mm&r=g","height":96,"width":96}},"publisher":{"@type":"Organization","name":"sunna.cz","logo":{"@type":"ImageObject","@id":"\/logo.png","url":"\/logo.png","width":600,"height":60}},"image":{"@type":"ImageObject","@id":"https:\/\/www.sunna.cz\/wp-content\/uploads\/wheelie-bin-2270582_960_720.jpg","url":"https:\/\/www.sunna.cz\/wp-content\/uploads\/wheelie-bin-2270582_960_720.jpg","height":0,"width":0},"url":"https:\/\/www.sunna.cz\/pevny-kontejner\/","about":["Nakupov\u00e1n\u00ed"],"wordCount":376,"articleBody":"       Kdy\u017e jsem p\u0159em\u00fd\u0161lela, kam d\u00e1m v\u0161echny svoje v\u011bci, tak m\u011b napadl jako prvn\u00ed plastov\u00fd kontejner. A to hlavn\u011b z toho d\u016fvodu, \u017ee mi ho kdysi doporu\u010dila moje kamar\u00e1dka. Kamar\u00e1dka toti\u017e pracovala ve firm\u011b, kter\u00e1 se zaj\u00edm\u00e1 o stavebnictv\u00ed, tak\u017ee tam m\u011bli r\u016fzn\u00e9 kontejnery a z r\u016fzn\u00e9ho materi\u00e1lu. Kamar\u00e1dku pr\u00fd nejv\u00edce zaujal plastov\u00fd kontejner, kter\u00fd byl velice odoln\u00fd a taky si ho m\u016f\u017eete po\u0159\u00eddit v n\u011bkolika barv\u00e1ch. Nav\u00edc kamar\u00e1dka mi \u0159ekla, \u017ee plastov\u00fd kontejner je opravdu z kvalitn\u00edho materi\u00e1lu, kter\u00fd je takov\u00fd siln\u011bj\u0161\u00ed, tlust\u00fd, \u017ee nen\u00ed v\u016fbec tenk\u00fd. Tak\u017ee pr\u00fd toho vydr\u017e\u00ed opravdu hodn\u011b. A taky jsou v r\u016fzn\u00fdch velikostech a plastov\u00e9 kontejnery se daj\u00ed sehnat na webov\u00e9 str\u00e1nce schoellerallibert.com, kde najdete opravdu r\u016fzn\u00e9 produkty, jako pr\u00e1v\u011b nap\u0159\u00edklad zm\u00edn\u011bn\u00e9 pevn\u00e9 plastov\u00e9 kontejnery. Nejsou tam ale jenom tyto. Najdete tam opravdu r\u016fzn\u00e9 typy kontejner\u016f, kter\u00e9 m\u016f\u017eete vyu\u017e\u00edt. A to hlavn\u011b d\u00edky t\u00e9to velk\u00e9 firmy, kter\u00e9 maj\u00ed tak\u00e9 velk\u00e9 sklady, tak vyu\u017e\u00edvaj\u00ed hlavn\u011b tyto plastov\u00e9 kontejnery. A to hlavn\u011b taky z toho d\u016fvodu, \u017ee jsou velice praktick\u00e9 a skladn\u00e9. M\u016f\u017eete tyto kontejnery taky naskl\u00e1dat na sebe, t\u00edm \u017ee samoz\u0159ejm\u011b potom \u0161et\u0159\u00edte m\u00edsto. A kdy\u017e m\u00e1te hodn\u011b m\u00edsta, tak to znamen\u00e1, \u017ee taky m\u016f\u017eete m\u00edt potom v\u00edce zbo\u017e\u00ed anebo \u0161et\u0159en\u00ed m\u00edstem je taky praktick\u00e9, voln\u00e9 m\u00edsto ve skladu se nyn\u00ed v posledn\u00ed dob\u011b dost cen\u00ed. Vejde se v\u00e1m tam toho v\u00edc, tak se potom nemus\u00edte b\u00e1t, \u017ee t\u0159eba n\u011bco zapomene nebo nebudete m\u00edt kam d\u00e1t svoje v\u011bci, kter\u00e9 nutn\u011b pot\u0159ebuje. Tak\u017ee pokud i vy v\u00e1h\u00e1te, je\u0161t\u011b si po\u0159\u00eddit plastov\u00fd kontejner, kter\u00fd je odoln\u00fd, tak nev\u00e1hejte. V\u00edm jist\u011b, \u017ee nebudete litovat a budete r\u00e1di, \u017ee ho m\u00e1te. Mnoho lid\u00ed pou\u017e\u00edv\u00e1 r\u016fzn\u00e9 kontejnery, jako nap\u0159\u00edklad, mezi lidmi obl\u00edben\u00fd, plastov\u00fd kontejner na r\u016fzn\u00e9 zbo\u017e\u00ed. J\u00e1 sama jsem si dom\u016f taky po\u0159\u00eddila malink\u00fd plastov\u00fd kontejner na sez\u00f3nn\u00ed v\u011bci.                                                                                                                                                                                                                                                                                                                                                                                                   "},{"@context":"https:\/\/schema.org\/","@type":"BreadcrumbList","itemListElement":[{"@type":"ListItem","position":1,"name":"Pevn\u00fd kontejner","item":"https:\/\/www.sunna.cz\/pevny-kontejner\/#breadcrumbitem"}]}]