[{"@context":"https:\/\/schema.org\/","@type":"Article","@id":"https:\/\/www.sunna.cz\/misto-pro-firmu\/#Article","mainEntityOfPage":"https:\/\/www.sunna.cz\/misto-pro-firmu\/","headline":"M\u00edsto pro firmu","name":"M\u00edsto pro firmu","description":"Pokud r\u00e1di cestujete, tak nezapome\u0148te nav\u0161t\u00edvit t\u0159eba m\u011bsto Ostrava. V [&hellip;]","datePublished":"2022-08-16","dateModified":"2023-05-18","author":{"@type":"Person","@id":"https:\/\/www.sunna.cz\/author\/#Person","name":"","url":"https:\/\/www.sunna.cz\/author\/","identifier":1,"image":{"@type":"ImageObject","@id":"https:\/\/secure.gravatar.com\/avatar\/664d9cd24f58d4d0b526991e1fec4656a216f6db124bbd66c69ade0e846d4f16?s=96&d=mm&r=g","url":"https:\/\/secure.gravatar.com\/avatar\/664d9cd24f58d4d0b526991e1fec4656a216f6db124bbd66c69ade0e846d4f16?s=96&d=mm&r=g","height":96,"width":96}},"publisher":{"@type":"Organization","name":"sunna.cz","logo":{"@type":"ImageObject","@id":"\/logo.png","url":"\/logo.png","width":600,"height":60}},"image":{"@type":"ImageObject","@id":"https:\/\/www.sunna.cz\/wp-content\/uploads\/prefabricated-house-930190_960_720_1.jpg","url":"https:\/\/www.sunna.cz\/wp-content\/uploads\/prefabricated-house-930190_960_720_1.jpg","height":0,"width":0},"url":"https:\/\/www.sunna.cz\/misto-pro-firmu\/","about":["Podnik\u00e1n\u00ed"],"wordCount":430,"articleBody":"          Pokud r\u00e1di cestujete, tak nezapome\u0148te nav\u0161t\u00edvit t\u0159eba m\u011bsto Ostrava. V Ostrav\u011b jsem byla u\u017e mnohokr\u00e1t a mus\u00edm \u0159\u00edct, \u017ee je to opravdu kr\u00e1sn\u00e9 m\u011bsto. Nehled\u011b na to, \u017ee je to tak obrovsk\u00e9 m\u011bsto, kde tak\u00e9 najdete opravdu hodn\u011b kulturn\u00edho vyu\u017eit\u00ed anebo pracovn\u00edch mo\u017enost\u00ed. J\u00e1 jsem byla z vesnice, kter\u00e1 je asi sto kilometr\u016f od Ostravy. Mus\u00edm \u0159\u00edct, \u017ee kdy\u017e jsem jezdila velmi \u010dasto do Ostravy, tak jsem jsi tam taky na\u0161la jednu skv\u011blou pr\u00e1ci. A ze za\u010d\u00e1tku to m\u011blo b\u00fdt pouze na dva m\u011bs\u00edce. M\u011bla jsem tam b\u00fdt pouze na z\u00e1skok za jednu pan\u00ed. Nicm\u00e9n\u011b ale pan\u00ed u\u017e se do pr\u00e1ce nevr\u00e1tila, tak mi v pr\u00e1ci nab\u00eddli, jestli bych tam necht\u011bla z\u016fstat. Neuva\u017eovala jsem ani minutu, proto\u017ee ta pr\u00e1ce byla tak dokonal\u00e1 a perfektn\u011b placen\u00e1, \u017ee jsem v\u016fbec nemohla \u0159\u00edct ne. Tak\u017ee jsem z\u00edskala v Ostrav\u011b novou pr\u00e1ci, tak\u017ee to tak\u00e9 znamenalo, \u017ee se tam budu st\u011bhovat.A dostala jsem takovou kr\u00e1snou kancel\u00e1\u0159, kterou jsem si v\u017edycky p\u0159\u00e1la. M\u011bla jsem kancel\u00e1\u0159 u okna. Tohle je v\u017edycky sen ur\u010dit\u011b ka\u017ed\u00e9ho, kdo m\u00e1 kancel\u00e1\u0159. A s\u00eddlo firmy v Ostrav\u011b bylo taky na kr\u00e1sn\u00e9m m\u00edst\u011b, kde byl opravdu kr\u00e1sn\u00fd v\u00fdhled. S\u00eddlo firmy v Ostrav\u011b bylo vedle luxusn\u00ed restaurace a taky kousek byly dv\u011b kav\u00e1rny. Tak\u017ee jsme si tam s kolegy po pr\u00e1ci za\u0161li na skv\u011blou k\u00e1vu. A jsem r\u00e1da, \u017ee s\u00eddlo firmy v Ostrav\u011b Kancelar29 je taky kousek od autobusov\u00e9ho n\u00e1dra\u017e\u00ed, tak\u017ee se taky jednodu\u0161e dostanu z pr\u00e1ce dom\u016f. Mysl\u00edm si, \u017ee lep\u0161\u00ed m\u00edsto k pr\u00e1ci jsem dostat nemohla. Taky si mysl\u00edm, \u017ee kdy\u017e je s\u00eddlo firmy z Ostrav\u011b na p\u011bkn\u00e9m m\u00edst\u011b, tak to m\u00e1 taky lep\u0161\u00ed v\u00fdhodu pro z\u00e1kazn\u00edky, tak i pro nov\u00e9 zam\u011bstnance. Do pr\u00e1ce chod\u00edte p\u0159eci ka\u017ed\u00fd den, tak to taky chcete m\u00edt s pojen\u00e9 s n\u011b\u010d\u00edm p\u0159\u00edjemn\u00fd. D\u00e1t si \u010derstvou k\u00e1vu p\u0159ed vchodem do pr\u00e1ce je p\u0159eci naprosto geni\u00e1ln\u00ed a velmi p\u0159\u00edjemn\u00e9. J\u00e1 sama se t\u011b\u0161\u00edm, a\u017e t\u0159eba budou pov\u00fd\u0161en\u00e1 v pr\u00e1ci, proto\u017ee to bych potom m\u011bla kav\u00e1rnu zase o dva kancel\u00e1\u0159e bl\u00ed\u017ee!                                                                                                                                                                                                                                                                                                                                                                                                  "},{"@context":"https:\/\/schema.org\/","@type":"BreadcrumbList","itemListElement":[{"@type":"ListItem","position":1,"name":"M\u00edsto pro firmu","item":"https:\/\/www.sunna.cz\/misto-pro-firmu\/#breadcrumbitem"}]}]