[{"@context":"https:\/\/schema.org\/","@type":"Article","@id":"https:\/\/www.sunna.cz\/bytovy-sdesogn\/#Article","mainEntityOfPage":"https:\/\/www.sunna.cz\/bytovy-sdesogn\/","headline":"Bytov\u00fd sdesogn","name":"Bytov\u00fd sdesogn","description":"V\u017edycky m\u011b zaj\u00edmala bytov\u00e1 architektura. \u0158\u00edkala jsem si, \u017ee to [&hellip;]","datePublished":"2022-11-16","dateModified":"2023-05-03","author":{"@type":"Person","@id":"https:\/\/www.sunna.cz\/author\/#Person","name":"","url":"https:\/\/www.sunna.cz\/author\/","identifier":1,"image":{"@type":"ImageObject","@id":"https:\/\/secure.gravatar.com\/avatar\/664d9cd24f58d4d0b526991e1fec4656a216f6db124bbd66c69ade0e846d4f16?s=96&d=mm&r=g","url":"https:\/\/secure.gravatar.com\/avatar\/664d9cd24f58d4d0b526991e1fec4656a216f6db124bbd66c69ade0e846d4f16?s=96&d=mm&r=g","height":96,"width":96}},"publisher":{"@type":"Organization","name":"sunna.cz","logo":{"@type":"ImageObject","@id":"\/logo.png","url":"\/logo.png","width":600,"height":60}},"image":{"@type":"ImageObject","@id":"https:\/\/www.sunna.cz\/wp-content\/uploads\/home-3370178_960_720_1.jpg","url":"https:\/\/www.sunna.cz\/wp-content\/uploads\/home-3370178_960_720_1.jpg","height":0,"width":0},"url":"https:\/\/www.sunna.cz\/bytovy-sdesogn\/","about":["Byt"],"wordCount":392,"articleBody":"   V\u017edycky m\u011b zaj\u00edmala bytov\u00e1 architektura. \u0158\u00edkala jsem si, \u017ee to m\u016f\u017ee b\u00fdt opravdu skv\u011bl\u00e9 zam\u011bstn\u00e1n\u00ed, kter\u00e9 taky pro mnoho lid\u00ed m\u016f\u017ee b\u00fdt velk\u00fdm kon\u00ed\u010dkem. Nap\u0159\u00edklad m\u011b by bytov\u00fd design a architektura moc bavila. Proto\u017ee ona sama architektura je sama o sob\u011b takov\u00e1, \u017ee mnoho lid\u00ed se o ni zaj\u00edm\u00e1, proto\u017ee nikdy neza\u017eijete \u017e\u00e1dn\u00fd stereotyp. J\u00e1 jsem taky kdysi cht\u011bla studovat architekturu. Jenom\u017ee moje m\u00e1ma m\u011b st\u00e1le od architektury odrazovala, \u017ee pr\u00fd architektura nem\u00e1 v\u016fbec \u017e\u00e1dnou budoucnost, \u017ee architektura je pr\u00e1v\u011b jenom pro ty opravdu hodn\u011b vzd\u011blan\u00e9. Ani nev\u00edte, jak moc m\u011b to urazilo. Bohu\u017eel i takhle to n\u011bkdy b\u00fdv\u00e1.  Pr\u00fd jenom pro vzd\u011blan\u00e9! A j\u00e1 jsem jako co? M\u011bla jsem Gymn\u00e1zium, a je\u0161t\u011b jsem m\u011bla ekonomickou \u0161kolu a d\u00e1le jsem cht\u011bla j\u00edt studovat architekturu. Jenom\u017ee je opravdu smutn\u00e9, kdy\u017e chcete n\u011bco studovat a n\u011bco d\u011blat, p\u0159i\u010dem\u017e v\u00e1s va\u0161i rodi\u010de od toho odrazuj\u00ed anebo shazuj\u00ed. Opravdu hodn\u011b m\u011b to mrzelo a j\u00e1 jsem si \u0159ekla, \u017ee i p\u0159esto tohle v\u0161echno to zkus\u00edm. Studovala jsem tedy v Praze architekturu. A mus\u00edm \u0159\u00edct, \u017ee jsem byla na sebe velice py\u0161n\u00e1, proto\u017ee m\u011b opravdu v\u0161echno skv\u011ble \u0161lo. Taky jsem se cht\u011bla trochu inspirovat na internetu, tak\u017ee jsem se pod\u00edvala nap\u0159\u00edklad na webov\u00e9 str\u00e1nky evalofa.com, kde je t\u0159eba skv\u011bl\u00fd bytov\u00fd architekt z Prahy Evalofa. J\u00e1 bydl\u00edm v Praze, tak\u017ee pra\u017esk\u00fd bytov\u00fd architekt byl pro m\u011b \u00fapln\u011b ide\u00e1ln\u00ed. Proto\u017ee jsem se cht\u011bla taky u\u010dit od n\u011bjak\u00e9ho profesion\u00e1la, kter\u00fd u\u017e v tom m\u00e1 n\u011bjakou praxi a n\u011bjak\u00fd ten rok u\u017e v tom pracuje. A opravdu nen\u00ed nic lep\u0161\u00edho ne\u017e se u\u010dit od profesion\u00e1la, kter\u00fd m\u00e1 respekt. A proto jsem si na\u0161la pr\u00e1v\u011b pra\u017esk\u00e9ho architekta, kter\u00fd se specializuje na byty. Nav\u00edc jeho fotografie m\u011b opravdu zaujaly na prvn\u00ed pohled. L\u00edb\u00ed se mi. Douf\u00e1m, \u017ee jednoho dne budu taky tak \u0161ikovn\u00e1, jako on. Jsem nav\u00edc hodn\u011b sout\u011b\u017eiv\u00e1, tak\u017ee si mysl\u00edm, \u017ee se mi to poda\u0159\u00ed.                                                                                                                                                                                                                                                                                                                                                                                                   "},{"@context":"https:\/\/schema.org\/","@type":"BreadcrumbList","itemListElement":[{"@type":"ListItem","position":1,"name":"Bytov\u00fd sdesogn","item":"https:\/\/www.sunna.cz\/bytovy-sdesogn\/#breadcrumbitem"}]}]